{"id":1055,"date":"2020-07-08T19:47:17","date_gmt":"2020-07-08T17:47:17","guid":{"rendered":"https:\/\/www.atdigitales.com\/?p=1055"},"modified":"2020-07-08T19:47:17","modified_gmt":"2020-07-08T17:47:17","slug":"superficie-minima-cultivo","status":"publish","type":"post","link":"https:\/\/atdigitales.com\/en\/superficie-minima-cultivo\/","title":{"rendered":"Law 4\/2000, of November 13, on Modernization and Agrarian Development."},"content":{"rendered":"<h2><img fetchpriority=\"high\" decoding=\"async\" class=\"aligncenter size-full wp-image-1059\" src=\"https:\/\/www.atdigitales.com\/wp-content\/uploads\/2020\/07\/IMG_20200304_141837-scaled.jpg\" alt=\"\" width=\"2560\" height=\"1280\"\/><\/h2>\n<h2><strong><em>TITLE VI.&nbsp;<\/em> <i>On the minimum cultivation units and the minimum family agricultural holding.<\/i><\/strong><\/h2>\n<div id=\"ART79\">\n<p class=\"a\"><strong><em>Article 79.<\/em> <\/strong><i><strong> Definition.<\/strong> <\/i><\/p>\n<p>A typical exploitation unit is one whose territorial base is sufficient to provide effective employment to its owner and whose exploitation margin is equal to or greater than the reference income.<\/p>\n<\/div>\n<div id=\"ART80\">\n<p class=\"a\"><strong><em>Article 80.<\/em> <\/strong><i><strong> Municipal areas and districts.<\/strong> <\/i><\/p>\n<p>The following minimum cultivation units are established for the different municipal areas of Cantabria:<\/p>\n<ul class=\"list-group\">\n<li class=\"list-group-item\"><strong>a) First zone: Dry land, 0.60 hectares.<\/strong>\n<p>Municipal terms: The ones in the municipality are: The ones in the municipality of Alfoz de Lloredo, The ones in the municipality of Ampuero, The ones in the municipality of Igu\u00f1a, The ones in the municipality of Argo\u00f1os, The ones in the municipality of Arnuero, The ones in the municipality of Arredondo, The ones in the municipality of Bareyo, The ones in the municipality of Cabez\u00f3n de la Sal, The ones in the municipality of Liebana, The ones in the municipality of Camale\u00f1o, The ones in the municipality of Camargo, The ones in the municipality of Castaneda, The ones in the municipality of Colindres, The ones in the municipality of Comillas, The ones in the municipality of Corvera de Toranzo, The ones in the municipality of Escalante, The ones in the municipality of Guriezo, The ones in the municipality of Laredo, The ones in the municipality of Limpias, The ones in the municipality of Mazcuerras, The ones in the municipality of Miengo, The ones in the municipality of Molledo, The ones in the municipality of Noja, The ones in the municipality of Penagos, The ones in the municipality of Pe\u00f1arrubia, The ones in the municipality of Pesaguero, The ones in the municipality of Polanco, The ones in the municipality of Potes, The ones in the municipality of Viesgo, The ones in the municipality of Rasines, The ones in Reinosa, The ones in Reoc\u00edn, The ones in the municipality of Ruesga, The ones in the municipality of Ruiloba, The ones in the municipality of San Felices de Buelna, The ones in the municipality of Bezana, The ones in the municipality of Santa Maria de la Sierra, The ones in the municipality of Laredo, The ones in the municipality of Limpias, The ones in the municipality of Mazcuerras, The ones in the municipality of Miengo, The ones in the municipality of Molledo, The ones in the municipality of Noja, The ones in the municipality of Penagos, The ones in the municipality of Pe The villages of San Vicente and Valladolid are all within the municipality of San Vicente.<\/p>\n<strong>b) Second zone: Rainfed, 0.75 hectares. Irrigation, 0.50 hectares.<\/strong>\n<p>Municipal terms:<\/p>\n<strong>c) Third zone: Dry land, 1 hectare. Irrigated land, 0.50 hectares.<\/strong>\n<p>Municipal terms: Camp\u00f3o de Yuso, Enmedio, Brotherhood of Camp\u00f3o de Suso, Luena, Rozas (Las), San Pedro del Romeral, Soba, Valdeolea, Valdeprado de R\u00edo, Valderredible and Vega de Pas.<\/p>\n<\/li>\n<\/ul>\n<\/div>","protected":false},"excerpt":{"rendered":"<p>Minimum surface area for the subdivision of rural properties in Cantabria.<br \/>\nTo be taken into account for property division operations (groupings, segregations, CAP subsidies, inheritances, partitions, etc.)<\/p>","protected":false},"author":3,"featured_media":1057,"comment_status":"closed","ping_status":"closed","sticky":false,"template":"","format":"standard","meta":{"footnotes":""},"categories":[28,64],"tags":[96,97,98],"class_list":["post-1055","post","type-post","status-publish","format-standard","has-post-thumbnail","hentry","category-blog","category-legislacion-y-normativa","tag-cultivo","tag-finca","tag-parcela"],"_links":{"self":[{"href":"https:\/\/atdigitales.com\/en\/wp-json\/wp\/v2\/posts\/1055","targetHints":{"allow":["GET"]}}],"collection":[{"href":"https:\/\/atdigitales.com\/en\/wp-json\/wp\/v2\/posts"}],"about":[{"href":"https:\/\/atdigitales.com\/en\/wp-json\/wp\/v2\/types\/post"}],"author":[{"embeddable":true,"href":"https:\/\/atdigitales.com\/en\/wp-json\/wp\/v2\/users\/3"}],"replies":[{"embeddable":true,"href":"https:\/\/atdigitales.com\/en\/wp-json\/wp\/v2\/comments?post=1055"}],"version-history":[{"count":0,"href":"https:\/\/atdigitales.com\/en\/wp-json\/wp\/v2\/posts\/1055\/revisions"}],"wp:featuredmedia":[{"embeddable":true,"href":"https:\/\/atdigitales.com\/en\/wp-json\/"}],"wp:attachment":[{"href":"https:\/\/atdigitales.com\/en\/wp-json\/wp\/v2\/media?parent=1055"}],"wp:term":[{"taxonomy":"category","embeddable":true,"href":"https:\/\/atdigitales.com\/en\/wp-json\/wp\/v2\/categories?post=1055"},{"taxonomy":"post_tag","embeddable":true,"href":"https:\/\/atdigitales.com\/en\/wp-json\/wp\/v2\/tags?post=1055"}],"curies":[{"name":"wp","href":"https:\/\/api.w.org\/{rel}","templated":true}]}}